{"id":1619,"date":"2019-09-27T15:08:01","date_gmt":"2019-09-27T13:08:01","guid":{"rendered":"https:\/\/www.sutermeister.ch\/geneve-1968-deux-spectacles-en-prise-sur-lactualite\/"},"modified":"2020-01-25T13:42:53","modified_gmt":"2020-01-25T12:42:53","slug":"geneve-1968-deux-spectacles-en-prise-sur-lactualite","status":"publish","type":"post","link":"https:\/\/www.sutermeister.ch\/de\/geneve-1968-deux-spectacles-en-prise-sur-lactualite\/","title":{"rendered":"Gen\u00e8ve 1968, deux spectacles en prise sur l&#8217;actualit\u00e9"},"content":{"rendered":"<p>Cet article analyse deux spectacles aux antipodes et qui pourtant t\u00e9moignent parfaitement des esth\u00e9tiques th\u00e9\u00e2trales de la fin des ann\u00e9es 60 : &#8222;Le Chant du Fantoche Lusitanien&#8220;, de Peter Weiss, mis en sc\u00e8ne par Fran\u00e7ois Rochaix, et &#8222;Quo Vadis&#8220;, cr\u00e9ation collective des Tr\u00e9teaux Libres. Gen\u00e8ve ann\u00e9es 60.<\/p>\n<p><a href=\"https:\/\/www.sutermeister.ch\/site\/wp-content\/uploads\/2019\/09\/Sutermeister_Sondierungen_Gen\u00e8ve-1968-Deux-spectacles-Sutermeister_1997.pdf\" target=\"_blank\" rel=\"noopener noreferrer\">Sutermeister_<\/a><a href=\"https:\/\/www.sutermeister.ch\/site\/wp-content\/uploads\/2019\/09\/Sutermeister_Sondierungen_Gen\u00e8ve-1968-Deux-spectacles-Sutermeister_1997.pdf\" target=\"_blank\" rel=\"noopener noreferrer\">Gen\u00e8ve 1968 Deux spectacles.<\/a><a href=\"https:\/\/www.sutermeister.ch\/site\/wp-content\/uploads\/2019\/09\/Sutermeister_Sondierungen_Gen\u00e8ve-1968-Deux-spectacles-Sutermeister_1997.pdf\" target=\"_blank\" rel=\"noopener noreferrer\"> Sutermeister<\/a>, <a href=\"https:\/\/www.sutermeister.ch\/site\/wp-content\/uploads\/2019\/09\/Sutermeister_Sondierungen_Gen\u00e8ve-1968-Deux-spectacles-Sutermeister_1997.pdf\" target=\"_blank\" rel=\"noopener noreferrer\">Sondierungen, Dix contributions \u00e0 l&#8217;histoire du th\u00e9\u00e2tre en Suisse, Chronos Verlag_Bern, 1995.\u00a0<\/a><\/p>\n","protected":false},"excerpt":{"rendered":"<p>Cet article analyse deux spectacles aux antipodes et qui pourtant t\u00e9moignent parfaitement des esth\u00e9tiques th\u00e9\u00e2trales de la fin des ann\u00e9es 60 : &#8222;Le Chant du Fantoche Lusitanien&#8220;, de Peter Weiss, mis en sc\u00e8ne par Fran\u00e7ois Rochaix, et &#8222;Quo Vadis&#8220;, cr\u00e9ation collective des Tr\u00e9teaux Libres. Gen\u00e8ve&#8230;<\/p>\n","protected":false},"author":2,"featured_media":0,"comment_status":"closed","ping_status":"closed","sticky":false,"template":"","format":"standard","meta":{"_jetpack_memberships_contains_paid_content":false,"footnotes":"","jetpack_publicize_message":"","jetpack_publicize_feature_enabled":true,"jetpack_social_post_already_shared":false,"jetpack_social_options":{"image_generator_settings":{"template":"highway","default_image_id":0,"font":"","enabled":false},"version":2}},"categories":[23,16],"tags":[],"class_list":["post-1619","post","type-post","status-publish","format-standard","hentry","category-kulturpolitik","category-veroeffentlichungen-und-recherchen"],"jetpack_publicize_connections":[],"jetpack_featured_media_url":"","jetpack_sharing_enabled":true,"_links":{"self":[{"href":"https:\/\/www.sutermeister.ch\/de\/wp-json\/wp\/v2\/posts\/1619","targetHints":{"allow":["GET"]}}],"collection":[{"href":"https:\/\/www.sutermeister.ch\/de\/wp-json\/wp\/v2\/posts"}],"about":[{"href":"https:\/\/www.sutermeister.ch\/de\/wp-json\/wp\/v2\/types\/post"}],"author":[{"embeddable":true,"href":"https:\/\/www.sutermeister.ch\/de\/wp-json\/wp\/v2\/users\/2"}],"replies":[{"embeddable":true,"href":"https:\/\/www.sutermeister.ch\/de\/wp-json\/wp\/v2\/comments?post=1619"}],"version-history":[{"count":2,"href":"https:\/\/www.sutermeister.ch\/de\/wp-json\/wp\/v2\/posts\/1619\/revisions"}],"predecessor-version":[{"id":1737,"href":"https:\/\/www.sutermeister.ch\/de\/wp-json\/wp\/v2\/posts\/1619\/revisions\/1737"}],"wp:attachment":[{"href":"https:\/\/www.sutermeister.ch\/de\/wp-json\/wp\/v2\/media?parent=1619"}],"wp:term":[{"taxonomy":"category","embeddable":true,"href":"https:\/\/www.sutermeister.ch\/de\/wp-json\/wp\/v2\/categories?post=1619"},{"taxonomy":"post_tag","embeddable":true,"href":"https:\/\/www.sutermeister.ch\/de\/wp-json\/wp\/v2\/tags?post=1619"}],"curies":[{"name":"wp","href":"https:\/\/api.w.org\/{rel}","templated":true}]}}