{"id":1625,"date":"2019-09-27T15:05:10","date_gmt":"2019-09-27T13:05:10","guid":{"rendered":"https:\/\/www.sutermeister.ch\/les-defis-de-la-recherche\/"},"modified":"2020-01-25T13:37:28","modified_gmt":"2020-01-25T12:37:28","slug":"les-defis-de-la-recherche","status":"publish","type":"post","link":"https:\/\/www.sutermeister.ch\/de\/les-defis-de-la-recherche\/","title":{"rendered":"Les d\u00e9fis de la recherche en art et en design en Suisse. Un cas d&#8217;\u00e9cole : La HEAD-Gen\u00e8ve"},"content":{"rendered":"<p>L&#8217;article, r\u00e9dig\u00e9 avec Lysianne L\u00e9chot Hirt et Jean-Pierre Greff, pr\u00e9sente les sp\u00e9cificit\u00e9s de la recherche en art et en design, les met en relation avec les crit\u00e8res de la recherche scientifique \u00a0&#8222;traditionnelle&#8220;, d\u00e9gage les paradoxes et les frictions constructives, et donne des exemples concrets de recherches r\u00e9alis\u00e9es \u00e0 la HEAD-Gen\u00e8ve.<\/p>\n<p><a href=\"https:\/\/www.sutermeister.ch\/site\/wp-content\/uploads\/2019\/09\/Sutermeister_Les_defis_de_la_recherche_2017.pdf\" target=\"_blank\" rel=\"noopener noreferrer\">Sutermeister_Les_defis_de_la_recherche_2017<\/a><\/p>\n","protected":false},"excerpt":{"rendered":"<p>L&#8217;article, r\u00e9dig\u00e9 avec Lysianne L\u00e9chot Hirt et Jean-Pierre Greff, pr\u00e9sente les sp\u00e9cificit\u00e9s de la recherche en art et en design, les met en relation avec les crit\u00e8res de la recherche scientifique \u00a0&#8222;traditionnelle&#8220;, d\u00e9gage les paradoxes et les frictions constructives, et donne des exemples concrets de&#8230;<\/p>\n","protected":false},"author":2,"featured_media":0,"comment_status":"closed","ping_status":"closed","sticky":false,"template":"","format":"standard","meta":{"_jetpack_memberships_contains_paid_content":false,"footnotes":"","jetpack_publicize_message":"","jetpack_publicize_feature_enabled":true,"jetpack_social_post_already_shared":false,"jetpack_social_options":{"image_generator_settings":{"template":"highway","default_image_id":0,"font":"","enabled":false},"version":2}},"categories":[25,16],"tags":[],"class_list":["post-1625","post","type-post","status-publish","format-standard","hentry","category-kulturmanagement","category-veroeffentlichungen-und-recherchen"],"jetpack_publicize_connections":[],"jetpack_featured_media_url":"","jetpack_sharing_enabled":true,"_links":{"self":[{"href":"https:\/\/www.sutermeister.ch\/de\/wp-json\/wp\/v2\/posts\/1625","targetHints":{"allow":["GET"]}}],"collection":[{"href":"https:\/\/www.sutermeister.ch\/de\/wp-json\/wp\/v2\/posts"}],"about":[{"href":"https:\/\/www.sutermeister.ch\/de\/wp-json\/wp\/v2\/types\/post"}],"author":[{"embeddable":true,"href":"https:\/\/www.sutermeister.ch\/de\/wp-json\/wp\/v2\/users\/2"}],"replies":[{"embeddable":true,"href":"https:\/\/www.sutermeister.ch\/de\/wp-json\/wp\/v2\/comments?post=1625"}],"version-history":[{"count":1,"href":"https:\/\/www.sutermeister.ch\/de\/wp-json\/wp\/v2\/posts\/1625\/revisions"}],"predecessor-version":[{"id":1734,"href":"https:\/\/www.sutermeister.ch\/de\/wp-json\/wp\/v2\/posts\/1625\/revisions\/1734"}],"wp:attachment":[{"href":"https:\/\/www.sutermeister.ch\/de\/wp-json\/wp\/v2\/media?parent=1625"}],"wp:term":[{"taxonomy":"category","embeddable":true,"href":"https:\/\/www.sutermeister.ch\/de\/wp-json\/wp\/v2\/categories?post=1625"},{"taxonomy":"post_tag","embeddable":true,"href":"https:\/\/www.sutermeister.ch\/de\/wp-json\/wp\/v2\/tags?post=1625"}],"curies":[{"name":"wp","href":"https:\/\/api.w.org\/{rel}","templated":true}]}}